{"id":267,"date":"2022-09-27T09:09:52","date_gmt":"2022-09-27T07:09:52","guid":{"rendered":"http:\/\/www.cnr-arbovirus.fr\/www\/?p=267"},"modified":"2022-09-30T12:12:22","modified_gmt":"2022-09-30T10:12:22","slug":"colloque-arbo-france","status":"publish","type":"post","link":"https:\/\/cnr-arbovirus.fr\/public\/index.php\/2022\/09\/27\/colloque-arbo-france\/","title":{"rendered":"Colloque Arbo-France"},"content":{"rendered":"\n<figure class=\"wp-block-table\"><table><tbody><tr><td class=\"has-text-align-left\" data-align=\"left\"><img decoding=\"async\" class=\"wp-image-268\" style=\"width: 500px;\" src=\"http:\/\/www.cnr-arbovirus.fr\/www\/wp-content\/uploads\/2022\/09\/image002.jpg\" alt=\"\"><br><br><br>Le second <strong>Colloque scientifique annuel d&rsquo;Arbo-France se d\u00e9roulera les 13 et 14 octobre au PariSant\u00e9 Campus<\/strong>, \u00e0 Paris. <br><br> <em>Arbo-France est un r\u00e9seau fran\u00e7ais d\u2019\u00e9tude des arboviroses dont l\u2019objectif est de faciliter la pr\u00e9paration et la r\u00e9ponse aux \u00e9pid\u00e9mies d\u2019arbovirus humains et animaux en m\u00e9tropole et dans les territoires ultra-marins.<\/em> &nbsp; <br><br>Ce second colloque scientifique s\u2019int\u00e9ressera plus particuli\u00e8rement aux <strong>Nouvelles interventions de lutte antivectorielles et vaccinales contre les arbovirus humains et animaux<\/strong>. &nbsp; <br><br>Un site internet d\u00e9di\u00e9 a \u00e9t\u00e9 mis en place afin que vous puissiez y retrouver toutes les informations utiles et vous inscrire en ligne pour participer \u00e0 ce colloque. Pour permettre la participation du plus grand nombre, vous avez la possibilit\u00e9 des le suivre \u00e0 distance. L&rsquo;inscription est gratuite mais obligatoire (nombre de place limit\u00e9 en pr\u00e9sentiel). &nbsp;<\/td><\/tr><tr><td class=\"has-text-align-left\" data-align=\"left\"><a href=\"https:\/\/arbo-france.fr\/colloque-annuel-du-reseau-arbo-france-les-13-14-octobre-les-inscriptions-sont-ouvertes\/\"><strong>Cliquez ici pour d\u00e9couvrir le programme et vous inscrire en ligne<\/strong><\/a>* \u00a0<\/td><\/tr><tr><td class=\"has-text-align-left\" data-align=\"left\"><\/td><\/tr><\/tbody><\/table><\/figure>\n","protected":false},"excerpt":{"rendered":"<p>Le second Colloque scientifique annuel d&rsquo;Arbo-France se d\u00e9roulera les 13 et 14 octobre au PariSant\u00e9 Campus, \u00e0 Paris. Arbo-France est un r\u00e9seau fran\u00e7ais d\u2019\u00e9tude des arboviroses dont l\u2019objectif est de faciliter la pr\u00e9paration et la r\u00e9ponse aux \u00e9pid\u00e9mies d\u2019arbovirus humains et animaux en m\u00e9tropole et dans les territoires ultra-marins. &nbsp; Ce second colloque scientifique s\u2019int\u00e9ressera &hellip; <a href=\"https:\/\/cnr-arbovirus.fr\/public\/index.php\/2022\/09\/27\/colloque-arbo-france\/\" class=\"more-link\">Continuer la lecture<span class=\"screen-reader-text\"> de &laquo;&nbsp;Colloque Arbo-France&nbsp;&raquo;<\/span><\/a><\/p>\n","protected":false},"author":1,"featured_media":0,"comment_status":"closed","ping_status":"closed","sticky":false,"template":"","format":"standard","meta":{"footnotes":""},"categories":[],"tags":[],"class_list":["post-267","post","type-post","status-publish","format-standard","hentry"],"_links":{"self":[{"href":"https:\/\/cnr-arbovirus.fr\/public\/index.php\/wp-json\/wp\/v2\/posts\/267","targetHints":{"allow":["GET"]}}],"collection":[{"href":"https:\/\/cnr-arbovirus.fr\/public\/index.php\/wp-json\/wp\/v2\/posts"}],"about":[{"href":"https:\/\/cnr-arbovirus.fr\/public\/index.php\/wp-json\/wp\/v2\/types\/post"}],"author":[{"embeddable":true,"href":"https:\/\/cnr-arbovirus.fr\/public\/index.php\/wp-json\/wp\/v2\/users\/1"}],"replies":[{"embeddable":true,"href":"https:\/\/cnr-arbovirus.fr\/public\/index.php\/wp-json\/wp\/v2\/comments?post=267"}],"version-history":[{"count":5,"href":"https:\/\/cnr-arbovirus.fr\/public\/index.php\/wp-json\/wp\/v2\/posts\/267\/revisions"}],"predecessor-version":[{"id":273,"href":"https:\/\/cnr-arbovirus.fr\/public\/index.php\/wp-json\/wp\/v2\/posts\/267\/revisions\/273"}],"wp:attachment":[{"href":"https:\/\/cnr-arbovirus.fr\/public\/index.php\/wp-json\/wp\/v2\/media?parent=267"}],"wp:term":[{"taxonomy":"category","embeddable":true,"href":"https:\/\/cnr-arbovirus.fr\/public\/index.php\/wp-json\/wp\/v2\/categories?post=267"},{"taxonomy":"post_tag","embeddable":true,"href":"https:\/\/cnr-arbovirus.fr\/public\/index.php\/wp-json\/wp\/v2\/tags?post=267"}],"curies":[{"name":"wp","href":"https:\/\/api.w.org\/{rel}","templated":true}]}}